{"id":2463,"date":"2023-08-15T12:38:48","date_gmt":"2023-08-15T09:38:48","guid":{"rendered":"http:\/\/oh2ap.fi\/?p=2463"},"modified":"2023-08-22T08:16:59","modified_gmt":"2023-08-22T05:16:59","slug":"alkaneen-viikon-kerhoilta-normaalitapaan-hybridina","status":"publish","type":"post","link":"https:\/\/oh2ap.fi\/?p=2463","title":{"rendered":"Viikon 33 kerhoilta normaalitapaan hybridin\u00e4."},"content":{"rendered":"<p>T\u00e4m\u00e4n viikon kerho kokoontuu normaalisti hybridin\u00e4 torstaina 17.8.2023 klo 18. Tervetuloa taas mukaan joko ihan liven\u00e4 kerholle tai et\u00e4n\u00e4. Linkki\u00a0<em>t\u00e4ss\u00e4 (toiminee tunnin verran..):<\/em><\/p>\n<p>https:\/\/teams.live.com\/meet\/9415454313090?p=0pjfrbllrxTvZ9xM<\/p>\n<p>SYYSLEIRI<\/p>\n<p>Onhan almanakassasi jo, ett\u00e4 t\u00e4n\u00e4 vuonna syysleiri pidet\u00e4\u00e4n Tuusulan seurakunnan leirikodilla Rusutj\u00e4rven rannassa lauantaina 16.9.2023. Ohjelmassa on mm. valmiusasioita, toistinjuttua, SRAL:n katsaus ja muuta. Kirpputorikin l\u00f6ytyy, jos sinulla on jotain hyllyst\u00e4 tarjottavaa. N\u00e4ist\u00e4 viel\u00e4 enemm\u00e4n l\u00e4hemp\u00e4n\u00e4 leirip\u00e4iv\u00e4\u00e4.<\/p>\n<p>PERUSLUOKAN KURSSI SYYSKUUSSA<\/p>\n<p>Perusluokan kurssi aloitetaan taas syyskuussa l\u00e4hi- ja et\u00e4osallistumismahdollisuudell<wbr \/>a. Viestittele asiasta eteenp\u00e4in asiasta kiinnostuneille tutuille. Lis\u00e4tietoa t\u00e4m\u00e4n sivun yl\u00e4reunan kohdasta &#8217;Kurssit&#8217;.<\/p>\n<p>TULE MUKAAN M\u00c4NTS\u00c4L\u00c4N JA\/TAI J\u00c4RVENP\u00c4\u00c4N HARRASTETAPAHTUMAAN<\/p>\n<p>Harrastusmessut ovat M\u00e4nts\u00e4l\u00e4ss\u00e4 lauantaina 26.8.2023 klo 10.00-14.00 M\u00e4nts\u00e4l\u00e4n Seurojentalolla ja Kapinatorilla. OH2AP:n teltalle kaivataan v\u00e4ke\u00e4. Ilmoittautukaa Jussille OH3ZQ (omakutsu ei tunnu toimivan; laittakaa msg: nolnelj\u00e4nol 7sataa9kymment\u00e42kymment\u00e4).<\/p>\n<p>OH2AP on mukana my\u00f6s Harrastustapahtumassa 26.8.2023 klo 12-15 J\u00e4rvenp\u00e4\u00e4n Rantapuistossa. Kerhon teltta on suunnilleen samassa paikassa kuin viime vuonnakin. Tule k\u00e4ym\u00e4\u00e4n ja juttelemaan teltalle.<\/p>\n","protected":false},"excerpt":{"rendered":"<p>T\u00e4m\u00e4n viikon kerho kokoontuu normaalisti hybridin\u00e4 torstaina 17.8.2023 klo 18. Tervetuloa taas mukaan joko ihan liven\u00e4 kerholle tai et\u00e4n\u00e4. Linkki\u00a0t\u00e4ss\u00e4 (toiminee tunnin verran..): https:\/\/teams.live.com\/meet\/9415454313090?p=0pjfrbllrxTvZ9xM SYYSLEIRI Onhan almanakassasi jo, ett\u00e4 t\u00e4n\u00e4 vuonna syysleiri pidet\u00e4\u00e4n Tuusulan seurakunnan leirikodilla Rusutj\u00e4rven rannassa lauantaina 16.9.2023. Ohjelmassa on mm. valmiusasioita, toistinjuttua, SRAL:n katsaus ja muuta. Kirpputorikin l\u00f6ytyy, jos sinulla on jotain [&hellip;]<\/p>\n","protected":false},"author":8,"featured_media":0,"comment_status":"closed","ping_status":"closed","sticky":false,"template":"","format":"standard","meta":{"footnotes":""},"categories":[1],"tags":[],"class_list":["post-2463","post","type-post","status-publish","format-standard","hentry","category-yleinen"],"_links":{"self":[{"href":"https:\/\/oh2ap.fi\/index.php?rest_route=\/wp\/v2\/posts\/2463","targetHints":{"allow":["GET"]}}],"collection":[{"href":"https:\/\/oh2ap.fi\/index.php?rest_route=\/wp\/v2\/posts"}],"about":[{"href":"https:\/\/oh2ap.fi\/index.php?rest_route=\/wp\/v2\/types\/post"}],"author":[{"embeddable":true,"href":"https:\/\/oh2ap.fi\/index.php?rest_route=\/wp\/v2\/users\/8"}],"replies":[{"embeddable":true,"href":"https:\/\/oh2ap.fi\/index.php?rest_route=%2Fwp%2Fv2%2Fcomments&post=2463"}],"version-history":[{"count":7,"href":"https:\/\/oh2ap.fi\/index.php?rest_route=\/wp\/v2\/posts\/2463\/revisions"}],"predecessor-version":[{"id":2470,"href":"https:\/\/oh2ap.fi\/index.php?rest_route=\/wp\/v2\/posts\/2463\/revisions\/2470"}],"wp:attachment":[{"href":"https:\/\/oh2ap.fi\/index.php?rest_route=%2Fwp%2Fv2%2Fmedia&parent=2463"}],"wp:term":[{"taxonomy":"category","embeddable":true,"href":"https:\/\/oh2ap.fi\/index.php?rest_route=%2Fwp%2Fv2%2Fcategories&post=2463"},{"taxonomy":"post_tag","embeddable":true,"href":"https:\/\/oh2ap.fi\/index.php?rest_route=%2Fwp%2Fv2%2Ftags&post=2463"}],"curies":[{"name":"wp","href":"https:\/\/api.w.org\/{rel}","templated":true}]}}